{"id":2210,"date":"2022-12-06T18:38:03","date_gmt":"2022-12-06T18:38:03","guid":{"rendered":"http:\/\/pragueweddingplanner.com\/?p=2210"},"modified":"2026-08-30T10:04:34","modified_gmt":"2026-08-30T08:04:34","slug":"2023-prague-wedding-photography","status":"publish","type":"post","link":"https:\/\/pragueweddingplanner.com\/tr\/2023-prague-wedding-photography\/","title":{"rendered":"2023 Prag D\u00fc\u011f\u00fcn Foto\u011fraf\u00e7\u0131l\u0131\u011f\u0131"},"content":{"rendered":"<p>Foto\u011fraf\u00e7\u0131lar 2023 Prag d\u00fc\u011f\u00fcn foto\u011fraf\u00e7\u0131l\u0131\u011f\u0131n\u0131n yan\u0131 s\u0131ra \u00e7iftlerin d\u00fc\u011f\u00fcn \u00f6ncesi foto\u011fraf \u00e7ekimleri i\u00e7in de haz\u0131r ve me\u015fgul. \u00d6rnek foto\u011fraflar\u0131 g\u00f6rmek ve ayr\u0131ca rezervasyon yapmak i\u00e7in adresini ziyaret edebilirsiniz. <a href=\"https:\/\/www.kemalonurozman.com\/prague-wedding-photographer\/\" target=\"_blank\" rel=\"noopener\">Prag d\u00fc\u011f\u00fcn foto\u011fraf\u00e7\u0131s\u0131.<\/a><\/p>\n\n\t\t<style type=\"text\/css\">\n\t\t\t#gallery-1 {\n\t\t\t\tmargin: auto;\n\t\t\t}\n\t\t\t#gallery-1 .gallery-item {\n\t\t\t\tfloat: left;\n\t\t\t\tmargin-top: 10px;\n\t\t\t\ttext-align: center;\n\t\t\t\twidth: 100%;\n\t\t\t}\n\t\t\t#gallery-1 img {\n\t\t\t\tborder: 2px solid #cfcfcf;\n\t\t\t}\n\t\t\t#gallery-1 .gallery-caption {\n\t\t\t\tmargin-left: 0;\n\t\t\t}\n\t\t\t\/* see gallery_shortcode() in wp-includes\/media.php *\/\n\t\t<\/style>\n\t\t<div id='gallery-1' class='gallery galleryid-2210 gallery-columns-1 gallery-size-large'><dl class='gallery-item'>\n\t\t\t<dt class='gallery-icon portrait'>\n\t\t\t\t<a href=\"https:\/\/pragueweddingplanner.com\/wp-content\/uploads\/2022\/12\/prague-christmas-december-wedding-photography-4.jpg\"><img fetchpriority=\"high\" decoding=\"async\" width=\"683\" height=\"1024\" src=\"https:\/\/pragueweddingplanner.com\/wp-content\/uploads\/2022\/12\/prague-christmas-december-wedding-photography-4-683x1024.jpg\" class=\"attachment-large size-large\" alt=\"Prague Christmas December wedding photography\" aria-describedby=\"gallery-1-2224\" srcset=\"https:\/\/pragueweddingplanner.com\/wp-content\/uploads\/2022\/12\/prague-christmas-december-wedding-photography-4-683x1024.jpg 683w, https:\/\/pragueweddingplanner.com\/wp-content\/uploads\/2022\/12\/prague-christmas-december-wedding-photography-4-200x300.jpg 200w, https:\/\/pragueweddingplanner.com\/wp-content\/uploads\/2022\/12\/prague-christmas-december-wedding-photography-4-768x1152.jpg 768w, https:\/\/pragueweddingplanner.com\/wp-content\/uploads\/2022\/12\/prague-christmas-december-wedding-photography-4-1024x1536.jpg 1024w, https:\/\/pragueweddingplanner.com\/wp-content\/uploads\/2022\/12\/prague-christmas-december-wedding-photography-4.jpg 1067w\" sizes=\"(max-width: 683px) 100vw, 683px\" title=\"\"><\/a>\n\t\t\t<\/dt>\n\t\t\t\t<dd class='wp-caption-text gallery-caption' id='gallery-1-2224'>\n\t\t\t\tPrag Noel Zaman\u0131 \/ Aral\u0131k D\u00fc\u011f\u00fcn Foto\u011fraf \u00c7ekimi\n\t\t\t\t<\/dd><\/dl><br style=\"clear: both\" \/><dl class='gallery-item'>\n\t\t\t<dt class='gallery-icon portrait'>\n\t\t\t\t<a href=\"https:\/\/pragueweddingplanner.com\/wp-content\/uploads\/2022\/12\/prague-christmas-december-wedding-photography-3.jpg\"><img decoding=\"async\" width=\"683\" height=\"1024\" src=\"https:\/\/pragueweddingplanner.com\/wp-content\/uploads\/2022\/12\/prague-christmas-december-wedding-photography-3-683x1024.jpg\" class=\"attachment-large size-large\" alt=\"Prague Christmas December wedding photography \u2014 photo 2\" aria-describedby=\"gallery-1-2223\" srcset=\"https:\/\/pragueweddingplanner.com\/wp-content\/uploads\/2022\/12\/prague-christmas-december-wedding-photography-3-683x1024.jpg 683w, https:\/\/pragueweddingplanner.com\/wp-content\/uploads\/2022\/12\/prague-christmas-december-wedding-photography-3-200x300.jpg 200w, https:\/\/pragueweddingplanner.com\/wp-content\/uploads\/2022\/12\/prague-christmas-december-wedding-photography-3-768x1152.jpg 768w, https:\/\/pragueweddingplanner.com\/wp-content\/uploads\/2022\/12\/prague-christmas-december-wedding-photography-3-1024x1536.jpg 1024w, https:\/\/pragueweddingplanner.com\/wp-content\/uploads\/2022\/12\/prague-christmas-december-wedding-photography-3.jpg 1067w\" sizes=\"(max-width: 683px) 100vw, 683px\" title=\"\"><\/a>\n\t\t\t<\/dt>\n\t\t\t\t<dd class='wp-caption-text gallery-caption' id='gallery-1-2223'>\n\t\t\t\tPrag Noel Zaman\u0131 \/ Aral\u0131k D\u00fc\u011f\u00fcn Foto\u011fraf \u00c7ekimi\n\t\t\t\t<\/dd><\/dl><br style=\"clear: both\" \/><dl class='gallery-item'>\n\t\t\t<dt class='gallery-icon portrait'>\n\t\t\t\t<a href=\"https:\/\/pragueweddingplanner.com\/wp-content\/uploads\/2022\/12\/prague-christmas-december-wedding-photography-2.jpg\"><img decoding=\"async\" width=\"683\" height=\"1024\" src=\"https:\/\/pragueweddingplanner.com\/wp-content\/uploads\/2022\/12\/prague-christmas-december-wedding-photography-2-683x1024.jpg\" class=\"attachment-large size-large\" alt=\"Prague Christmas December wedding photography \u2014 photo 3\" aria-describedby=\"gallery-1-2222\" srcset=\"https:\/\/pragueweddingplanner.com\/wp-content\/uploads\/2022\/12\/prague-christmas-december-wedding-photography-2-683x1024.jpg 683w, https:\/\/pragueweddingplanner.com\/wp-content\/uploads\/2022\/12\/prague-christmas-december-wedding-photography-2-200x300.jpg 200w, https:\/\/pragueweddingplanner.com\/wp-content\/uploads\/2022\/12\/prague-christmas-december-wedding-photography-2-768x1152.jpg 768w, https:\/\/pragueweddingplanner.com\/wp-content\/uploads\/2022\/12\/prague-christmas-december-wedding-photography-2-1024x1536.jpg 1024w, https:\/\/pragueweddingplanner.com\/wp-content\/uploads\/2022\/12\/prague-christmas-december-wedding-photography-2.jpg 1067w\" sizes=\"(max-width: 683px) 100vw, 683px\" title=\"\"><\/a>\n\t\t\t<\/dt>\n\t\t\t\t<dd class='wp-caption-text gallery-caption' id='gallery-1-2222'>\n\t\t\t\tPrag Noel Zaman\u0131 \/ Aral\u0131k D\u00fc\u011f\u00fcn Foto\u011fraf \u00c7ekimi\n\t\t\t\t<\/dd><\/dl><br style=\"clear: both\" \/><dl class='gallery-item'>\n\t\t\t<dt class='gallery-icon portrait'>\n\t\t\t\t<a href=\"https:\/\/pragueweddingplanner.com\/wp-content\/uploads\/2022\/12\/prague-christmas-december-wedding-photography-1.jpg\"><img loading=\"lazy\" decoding=\"async\" width=\"683\" height=\"1024\" src=\"https:\/\/pragueweddingplanner.com\/wp-content\/uploads\/2022\/12\/prague-christmas-december-wedding-photography-1-683x1024.jpg\" class=\"attachment-large size-large\" alt=\"Prague Christmas December wedding photography \u2014 photo 4\" aria-describedby=\"gallery-1-2221\" srcset=\"https:\/\/pragueweddingplanner.com\/wp-content\/uploads\/2022\/12\/prague-christmas-december-wedding-photography-1-683x1024.jpg 683w, https:\/\/pragueweddingplanner.com\/wp-content\/uploads\/2022\/12\/prague-christmas-december-wedding-photography-1-200x300.jpg 200w, https:\/\/pragueweddingplanner.com\/wp-content\/uploads\/2022\/12\/prague-christmas-december-wedding-photography-1-768x1152.jpg 768w, https:\/\/pragueweddingplanner.com\/wp-content\/uploads\/2022\/12\/prague-christmas-december-wedding-photography-1-1024x1536.jpg 1024w, https:\/\/pragueweddingplanner.com\/wp-content\/uploads\/2022\/12\/prague-christmas-december-wedding-photography-1.jpg 1067w\" sizes=\"(max-width: 683px) 100vw, 683px\" title=\"\"><\/a>\n\t\t\t<\/dt>\n\t\t\t\t<dd class='wp-caption-text gallery-caption' id='gallery-1-2221'>\n\t\t\t\tPrag Noel Zaman\u0131 \/ Aral\u0131k D\u00fc\u011f\u00fcn Foto\u011fraf \u00c7ekimi\n\t\t\t\t<\/dd><\/dl><br style=\"clear: both\" \/><dl class='gallery-item'>\n\t\t\t<dt class='gallery-icon landscape'>\n\t\t\t\t<a href=\"https:\/\/pragueweddingplanner.com\/wp-content\/uploads\/2022\/12\/prague-christmas-december-wedding-photography-15.jpg\"><img loading=\"lazy\" decoding=\"async\" width=\"900\" height=\"600\" src=\"https:\/\/pragueweddingplanner.com\/wp-content\/uploads\/2022\/12\/prague-christmas-december-wedding-photography-15-1024x683.jpg\" class=\"attachment-large size-large\" alt=\"Prague Christmas December wedding photography \u2014 photo 5\" aria-describedby=\"gallery-1-2220\" srcset=\"https:\/\/pragueweddingplanner.com\/wp-content\/uploads\/2022\/12\/prague-christmas-december-wedding-photography-15-1024x683.jpg 1024w, https:\/\/pragueweddingplanner.com\/wp-content\/uploads\/2022\/12\/prague-christmas-december-wedding-photography-15-300x200.jpg 300w, https:\/\/pragueweddingplanner.com\/wp-content\/uploads\/2022\/12\/prague-christmas-december-wedding-photography-15-768x512.jpg 768w, https:\/\/pragueweddingplanner.com\/wp-content\/uploads\/2022\/12\/prague-christmas-december-wedding-photography-15-1536x1024.jpg 1536w, https:\/\/pragueweddingplanner.com\/wp-content\/uploads\/2022\/12\/prague-christmas-december-wedding-photography-15-287x190.jpg 287w, https:\/\/pragueweddingplanner.com\/wp-content\/uploads\/2022\/12\/prague-christmas-december-wedding-photography-15.jpg 1600w\" sizes=\"(max-width: 900px) 100vw, 900px\" title=\"\"><\/a>\n\t\t\t<\/dt>\n\t\t\t\t<dd class='wp-caption-text gallery-caption' id='gallery-1-2220'>\n\t\t\t\tPrag Noel Zaman\u0131 \/ Aral\u0131k D\u00fc\u011f\u00fcn Foto\u011fraf \u00c7ekimi\n\t\t\t\t<\/dd><\/dl><br style=\"clear: both\" \/><dl class='gallery-item'>\n\t\t\t<dt class='gallery-icon landscape'>\n\t\t\t\t<a href=\"https:\/\/pragueweddingplanner.com\/wp-content\/uploads\/2022\/12\/prague-christmas-december-wedding-photography-14.jpg\"><img loading=\"lazy\" decoding=\"async\" width=\"900\" height=\"600\" src=\"https:\/\/pragueweddingplanner.com\/wp-content\/uploads\/2022\/12\/prague-christmas-december-wedding-photography-14-1024x683.jpg\" class=\"attachment-large size-large\" alt=\"Prague Christmas December wedding photography \u2014 photo 6\" aria-describedby=\"gallery-1-2219\" srcset=\"https:\/\/pragueweddingplanner.com\/wp-content\/uploads\/2022\/12\/prague-christmas-december-wedding-photography-14-1024x683.jpg 1024w, https:\/\/pragueweddingplanner.com\/wp-content\/uploads\/2022\/12\/prague-christmas-december-wedding-photography-14-300x200.jpg 300w, https:\/\/pragueweddingplanner.com\/wp-content\/uploads\/2022\/12\/prague-christmas-december-wedding-photography-14-768x512.jpg 768w, https:\/\/pragueweddingplanner.com\/wp-content\/uploads\/2022\/12\/prague-christmas-december-wedding-photography-14-1536x1024.jpg 1536w, https:\/\/pragueweddingplanner.com\/wp-content\/uploads\/2022\/12\/prague-christmas-december-wedding-photography-14-287x190.jpg 287w, https:\/\/pragueweddingplanner.com\/wp-content\/uploads\/2022\/12\/prague-christmas-december-wedding-photography-14.jpg 1600w\" sizes=\"(max-width: 900px) 100vw, 900px\" title=\"\"><\/a>\n\t\t\t<\/dt>\n\t\t\t\t<dd class='wp-caption-text gallery-caption' id='gallery-1-2219'>\n\t\t\t\tPrag Noel Zaman\u0131 \/ Aral\u0131k D\u00fc\u011f\u00fcn Foto\u011fraf \u00c7ekimi\n\t\t\t\t<\/dd><\/dl><br style=\"clear: both\" \/><dl class='gallery-item'>\n\t\t\t<dt class='gallery-icon portrait'>\n\t\t\t\t<a href=\"https:\/\/pragueweddingplanner.com\/wp-content\/uploads\/2022\/12\/prague-christmas-december-wedding-photography-13.jpg\"><img loading=\"lazy\" decoding=\"async\" width=\"683\" height=\"1024\" src=\"https:\/\/pragueweddingplanner.com\/wp-content\/uploads\/2022\/12\/prague-christmas-december-wedding-photography-13-683x1024.jpg\" class=\"attachment-large size-large\" alt=\"Prague Christmas December wedding photography \u2014 photo 7\" aria-describedby=\"gallery-1-2218\" srcset=\"https:\/\/pragueweddingplanner.com\/wp-content\/uploads\/2022\/12\/prague-christmas-december-wedding-photography-13-683x1024.jpg 683w, https:\/\/pragueweddingplanner.com\/wp-content\/uploads\/2022\/12\/prague-christmas-december-wedding-photography-13-200x300.jpg 200w, https:\/\/pragueweddingplanner.com\/wp-content\/uploads\/2022\/12\/prague-christmas-december-wedding-photography-13-768x1152.jpg 768w, https:\/\/pragueweddingplanner.com\/wp-content\/uploads\/2022\/12\/prague-christmas-december-wedding-photography-13-1024x1536.jpg 1024w, https:\/\/pragueweddingplanner.com\/wp-content\/uploads\/2022\/12\/prague-christmas-december-wedding-photography-13.jpg 1067w\" sizes=\"(max-width: 683px) 100vw, 683px\" title=\"\"><\/a>\n\t\t\t<\/dt>\n\t\t\t\t<dd class='wp-caption-text gallery-caption' id='gallery-1-2218'>\n\t\t\t\tPrag Noel Zaman\u0131 \/ Aral\u0131k D\u00fc\u011f\u00fcn Foto\u011fraf \u00c7ekimi\n\t\t\t\t<\/dd><\/dl><br style=\"clear: both\" \/><dl class='gallery-item'>\n\t\t\t<dt class='gallery-icon landscape'>\n\t\t\t\t<a href=\"https:\/\/pragueweddingplanner.com\/wp-content\/uploads\/2022\/12\/prague-christmas-december-wedding-photography-12.jpg\"><img loading=\"lazy\" decoding=\"async\" width=\"900\" height=\"600\" src=\"https:\/\/pragueweddingplanner.com\/wp-content\/uploads\/2022\/12\/prague-christmas-december-wedding-photography-12-1024x683.jpg\" class=\"attachment-large size-large\" alt=\"Prague Christmas December wedding photography \u2014 photo 8\" aria-describedby=\"gallery-1-2217\" srcset=\"https:\/\/pragueweddingplanner.com\/wp-content\/uploads\/2022\/12\/prague-christmas-december-wedding-photography-12-1024x683.jpg 1024w, https:\/\/pragueweddingplanner.com\/wp-content\/uploads\/2022\/12\/prague-christmas-december-wedding-photography-12-300x200.jpg 300w, https:\/\/pragueweddingplanner.com\/wp-content\/uploads\/2022\/12\/prague-christmas-december-wedding-photography-12-768x512.jpg 768w, https:\/\/pragueweddingplanner.com\/wp-content\/uploads\/2022\/12\/prague-christmas-december-wedding-photography-12-1536x1024.jpg 1536w, https:\/\/pragueweddingplanner.com\/wp-content\/uploads\/2022\/12\/prague-christmas-december-wedding-photography-12-287x190.jpg 287w, https:\/\/pragueweddingplanner.com\/wp-content\/uploads\/2022\/12\/prague-christmas-december-wedding-photography-12.jpg 1600w\" sizes=\"(max-width: 900px) 100vw, 900px\" title=\"\"><\/a>\n\t\t\t<\/dt>\n\t\t\t\t<dd class='wp-caption-text gallery-caption' id='gallery-1-2217'>\n\t\t\t\tPrag Noel Zaman\u0131 \/ Aral\u0131k D\u00fc\u011f\u00fcn Foto\u011fraf \u00c7ekimi\n\t\t\t\t<\/dd><\/dl><br style=\"clear: both\" \/><dl class='gallery-item'>\n\t\t\t<dt class='gallery-icon landscape'>\n\t\t\t\t<a href=\"https:\/\/pragueweddingplanner.com\/wp-content\/uploads\/2022\/12\/prague-christmas-december-wedding-photography-11.jpg\"><img loading=\"lazy\" decoding=\"async\" width=\"900\" height=\"600\" src=\"https:\/\/pragueweddingplanner.com\/wp-content\/uploads\/2022\/12\/prague-christmas-december-wedding-photography-11-1024x683.jpg\" class=\"attachment-large size-large\" alt=\"Prague Christmas December wedding photography \u2014 photo 9\" aria-describedby=\"gallery-1-2216\" srcset=\"https:\/\/pragueweddingplanner.com\/wp-content\/uploads\/2022\/12\/prague-christmas-december-wedding-photography-11-1024x683.jpg 1024w, https:\/\/pragueweddingplanner.com\/wp-content\/uploads\/2022\/12\/prague-christmas-december-wedding-photography-11-300x200.jpg 300w, https:\/\/pragueweddingplanner.com\/wp-content\/uploads\/2022\/12\/prague-christmas-december-wedding-photography-11-768x512.jpg 768w, https:\/\/pragueweddingplanner.com\/wp-content\/uploads\/2022\/12\/prague-christmas-december-wedding-photography-11-1536x1024.jpg 1536w, https:\/\/pragueweddingplanner.com\/wp-content\/uploads\/2022\/12\/prague-christmas-december-wedding-photography-11-287x190.jpg 287w, https:\/\/pragueweddingplanner.com\/wp-content\/uploads\/2022\/12\/prague-christmas-december-wedding-photography-11.jpg 1600w\" sizes=\"(max-width: 900px) 100vw, 900px\" title=\"\"><\/a>\n\t\t\t<\/dt>\n\t\t\t\t<dd class='wp-caption-text gallery-caption' id='gallery-1-2216'>\n\t\t\t\tPrag Noel Zaman\u0131 \/ Aral\u0131k D\u00fc\u011f\u00fcn Foto\u011fraf \u00c7ekimi\n\t\t\t\t<\/dd><\/dl><br style=\"clear: both\" \/><dl class='gallery-item'>\n\t\t\t<dt class='gallery-icon landscape'>\n\t\t\t\t<a href=\"https:\/\/pragueweddingplanner.com\/wp-content\/uploads\/2022\/12\/prague-christmas-december-wedding-photography-10.jpg\"><img loading=\"lazy\" decoding=\"async\" width=\"900\" height=\"600\" src=\"https:\/\/pragueweddingplanner.com\/wp-content\/uploads\/2022\/12\/prague-christmas-december-wedding-photography-10-1024x683.jpg\" class=\"attachment-large size-large\" alt=\"Prague Christmas December wedding photography \u2014 photo 10\" aria-describedby=\"gallery-1-2215\" srcset=\"https:\/\/pragueweddingplanner.com\/wp-content\/uploads\/2022\/12\/prague-christmas-december-wedding-photography-10-1024x683.jpg 1024w, https:\/\/pragueweddingplanner.com\/wp-content\/uploads\/2022\/12\/prague-christmas-december-wedding-photography-10-300x200.jpg 300w, https:\/\/pragueweddingplanner.com\/wp-content\/uploads\/2022\/12\/prague-christmas-december-wedding-photography-10-768x512.jpg 768w, https:\/\/pragueweddingplanner.com\/wp-content\/uploads\/2022\/12\/prague-christmas-december-wedding-photography-10-1536x1024.jpg 1536w, https:\/\/pragueweddingplanner.com\/wp-content\/uploads\/2022\/12\/prague-christmas-december-wedding-photography-10-287x190.jpg 287w, https:\/\/pragueweddingplanner.com\/wp-content\/uploads\/2022\/12\/prague-christmas-december-wedding-photography-10.jpg 1600w\" sizes=\"(max-width: 900px) 100vw, 900px\" title=\"\"><\/a>\n\t\t\t<\/dt>\n\t\t\t\t<dd class='wp-caption-text gallery-caption' id='gallery-1-2215'>\n\t\t\t\tPrag Noel Zaman\u0131 \/ Aral\u0131k D\u00fc\u011f\u00fcn Foto\u011fraf \u00c7ekimi\n\t\t\t\t<\/dd><\/dl><br style=\"clear: both\" \/><dl class='gallery-item'>\n\t\t\t<dt class='gallery-icon portrait'>\n\t\t\t\t<a href=\"https:\/\/pragueweddingplanner.com\/wp-content\/uploads\/2022\/12\/prague-christmas-december-wedding-photography-9.jpg\"><img loading=\"lazy\" decoding=\"async\" width=\"683\" height=\"1024\" src=\"https:\/\/pragueweddingplanner.com\/wp-content\/uploads\/2022\/12\/prague-christmas-december-wedding-photography-9-683x1024.jpg\" class=\"attachment-large size-large\" alt=\"Prague Christmas December wedding photography \u2014 photo 11\" aria-describedby=\"gallery-1-2214\" srcset=\"https:\/\/pragueweddingplanner.com\/wp-content\/uploads\/2022\/12\/prague-christmas-december-wedding-photography-9-683x1024.jpg 683w, https:\/\/pragueweddingplanner.com\/wp-content\/uploads\/2022\/12\/prague-christmas-december-wedding-photography-9-200x300.jpg 200w, https:\/\/pragueweddingplanner.com\/wp-content\/uploads\/2022\/12\/prague-christmas-december-wedding-photography-9-768x1152.jpg 768w, https:\/\/pragueweddingplanner.com\/wp-content\/uploads\/2022\/12\/prague-christmas-december-wedding-photography-9-1024x1536.jpg 1024w, https:\/\/pragueweddingplanner.com\/wp-content\/uploads\/2022\/12\/prague-christmas-december-wedding-photography-9.jpg 1067w\" sizes=\"(max-width: 683px) 100vw, 683px\" title=\"\"><\/a>\n\t\t\t<\/dt>\n\t\t\t\t<dd class='wp-caption-text gallery-caption' id='gallery-1-2214'>\n\t\t\t\tPrag Noel Zaman\u0131 \/ Aral\u0131k D\u00fc\u011f\u00fcn Foto\u011fraf \u00c7ekimi\n\t\t\t\t<\/dd><\/dl><br style=\"clear: both\" \/><dl class='gallery-item'>\n\t\t\t<dt class='gallery-icon landscape'>\n\t\t\t\t<a href=\"https:\/\/pragueweddingplanner.com\/wp-content\/uploads\/2022\/12\/prague-christmas-december-wedding-photography-8.jpg\"><img loading=\"lazy\" decoding=\"async\" width=\"900\" height=\"600\" src=\"https:\/\/pragueweddingplanner.com\/wp-content\/uploads\/2022\/12\/prague-christmas-december-wedding-photography-8-1024x683.jpg\" class=\"attachment-large size-large\" alt=\"Prague Christmas December wedding photography \u2014 photo 12\" aria-describedby=\"gallery-1-2213\" srcset=\"https:\/\/pragueweddingplanner.com\/wp-content\/uploads\/2022\/12\/prague-christmas-december-wedding-photography-8-1024x683.jpg 1024w, https:\/\/pragueweddingplanner.com\/wp-content\/uploads\/2022\/12\/prague-christmas-december-wedding-photography-8-300x200.jpg 300w, https:\/\/pragueweddingplanner.com\/wp-content\/uploads\/2022\/12\/prague-christmas-december-wedding-photography-8-768x512.jpg 768w, https:\/\/pragueweddingplanner.com\/wp-content\/uploads\/2022\/12\/prague-christmas-december-wedding-photography-8-1536x1024.jpg 1536w, https:\/\/pragueweddingplanner.com\/wp-content\/uploads\/2022\/12\/prague-christmas-december-wedding-photography-8-287x190.jpg 287w, https:\/\/pragueweddingplanner.com\/wp-content\/uploads\/2022\/12\/prague-christmas-december-wedding-photography-8.jpg 1600w\" sizes=\"(max-width: 900px) 100vw, 900px\" title=\"\"><\/a>\n\t\t\t<\/dt>\n\t\t\t\t<dd class='wp-caption-text gallery-caption' id='gallery-1-2213'>\n\t\t\t\tPrag Noel Zaman\u0131 \/ Aral\u0131k D\u00fc\u011f\u00fcn Foto\u011fraf \u00c7ekimi\n\t\t\t\t<\/dd><\/dl><br style=\"clear: both\" \/><dl class='gallery-item'>\n\t\t\t<dt class='gallery-icon landscape'>\n\t\t\t\t<a href=\"https:\/\/pragueweddingplanner.com\/wp-content\/uploads\/2022\/12\/prague-christmas-december-wedding-photography-7.jpg\"><img loading=\"lazy\" decoding=\"async\" width=\"900\" height=\"600\" src=\"https:\/\/pragueweddingplanner.com\/wp-content\/uploads\/2022\/12\/prague-christmas-december-wedding-photography-7-1024x683.jpg\" class=\"attachment-large size-large\" alt=\"Prague Christmas December wedding photography \u2014 photo 13\" aria-describedby=\"gallery-1-2212\" srcset=\"https:\/\/pragueweddingplanner.com\/wp-content\/uploads\/2022\/12\/prague-christmas-december-wedding-photography-7-1024x683.jpg 1024w, https:\/\/pragueweddingplanner.com\/wp-content\/uploads\/2022\/12\/prague-christmas-december-wedding-photography-7-300x200.jpg 300w, https:\/\/pragueweddingplanner.com\/wp-content\/uploads\/2022\/12\/prague-christmas-december-wedding-photography-7-768x512.jpg 768w, https:\/\/pragueweddingplanner.com\/wp-content\/uploads\/2022\/12\/prague-christmas-december-wedding-photography-7-1536x1024.jpg 1536w, https:\/\/pragueweddingplanner.com\/wp-content\/uploads\/2022\/12\/prague-christmas-december-wedding-photography-7-287x190.jpg 287w, https:\/\/pragueweddingplanner.com\/wp-content\/uploads\/2022\/12\/prague-christmas-december-wedding-photography-7.jpg 1600w\" sizes=\"(max-width: 900px) 100vw, 900px\" title=\"\"><\/a>\n\t\t\t<\/dt>\n\t\t\t\t<dd class='wp-caption-text gallery-caption' id='gallery-1-2212'>\n\t\t\t\tPrag Noel Zaman\u0131 \/ Aral\u0131k D\u00fc\u011f\u00fcn Foto\u011fraf \u00c7ekimi\n\t\t\t\t<\/dd><\/dl><br style=\"clear: both\" \/><dl class='gallery-item'>\n\t\t\t<dt class='gallery-icon landscape'>\n\t\t\t\t<a href=\"https:\/\/pragueweddingplanner.com\/wp-content\/uploads\/2022\/12\/prague-christmas-december-wedding-photography-6.jpg\"><img loading=\"lazy\" decoding=\"async\" width=\"900\" height=\"600\" src=\"https:\/\/pragueweddingplanner.com\/wp-content\/uploads\/2022\/12\/prague-christmas-december-wedding-photography-6-1024x683.jpg\" class=\"attachment-large size-large\" alt=\"Prague Christmas December wedding photography \u2014 photo 14\" aria-describedby=\"gallery-1-2211\" srcset=\"https:\/\/pragueweddingplanner.com\/wp-content\/uploads\/2022\/12\/prague-christmas-december-wedding-photography-6-1024x683.jpg 1024w, https:\/\/pragueweddingplanner.com\/wp-content\/uploads\/2022\/12\/prague-christmas-december-wedding-photography-6-300x200.jpg 300w, https:\/\/pragueweddingplanner.com\/wp-content\/uploads\/2022\/12\/prague-christmas-december-wedding-photography-6-768x512.jpg 768w, https:\/\/pragueweddingplanner.com\/wp-content\/uploads\/2022\/12\/prague-christmas-december-wedding-photography-6-1536x1024.jpg 1536w, https:\/\/pragueweddingplanner.com\/wp-content\/uploads\/2022\/12\/prague-christmas-december-wedding-photography-6-287x190.jpg 287w, https:\/\/pragueweddingplanner.com\/wp-content\/uploads\/2022\/12\/prague-christmas-december-wedding-photography-6.jpg 1600w\" sizes=\"(max-width: 900px) 100vw, 900px\" title=\"\"><\/a>\n\t\t\t<\/dt>\n\t\t\t\t<dd class='wp-caption-text gallery-caption' id='gallery-1-2211'>\n\t\t\t\tPrag Noel Zaman\u0131 \/ Aral\u0131k D\u00fc\u011f\u00fcn Foto\u011fraf \u00c7ekimi\n\t\t\t\t<\/dd><\/dl><br style=\"clear: both\" \/>\n\t\t<\/div>\n\n<div class=\"mceTemp\"><\/div>\n<p><!-- pwp-ilgili-baslangic --><\/p>\n<div class=\"pwp-related\">\n<h2>Related Reading<\/h2>\n<ul>\n<li><a href=\"https:\/\/pragueweddingplanner.com\/tr\/prague-pre-wedding-ideas-a-guide-to-the-most-romantic-city-in-europe\/\">Prag D\u00fc\u011f\u00fcn \u00d6ncesi Fikirler: Avrupa&#039;n\u0131n En Romantik \u015eehri Rehberi<\/a><\/li>\n<li><a href=\"https:\/\/pragueweddingplanner.com\/tr\/urban-love-story-pre-wedding-photography-amidst-pragues-architectural-marvels\/\">Kentsel A\u015fk Hikayesi: Prag&#039;\u0131n Mimari Harikalar\u0131n\u0131n Ortas\u0131nda D\u00fc\u011f\u00fcn \u00d6ncesi Foto\u011fraf\u00e7\u0131l\u0131\u011f\u0131<\/a><\/li>\n<li><a href=\"https:\/\/pragueweddingplanner.com\/tr\/looking-for-an-engagement-proposal-photographer-in-prague\/\">Looking for an Engagement &amp; Proposal Photographer in Prague?<\/a><\/li>\n<li><a href=\"https:\/\/pragueweddingplanner.com\/tr\/secret-escapes-country-estates-near-prague-for-weddings\/\">Secret Escapes: Country Estates Near Prague for Weddings<\/a><\/li>\n<\/ul>\n<h3>From Our Prague Directory<\/h3>\n<ul>\n<li><a href=\"https:\/\/pragueweddingplanner.com\/tr\/listing\/prague-old-car-rentals-old-town\/\">Prag Eski Ara\u00e7 Kiralama (Eski \u015eehir)<\/a><\/li>\n<li><a href=\"https:\/\/pragueweddingplanner.com\/tr\/listing\/kemal-onur-ozman-portrait-wedding\/\">Kemal Onur \u00d6zman \u2013 Portre &amp; D\u00fc\u011f\u00fcn<\/a><\/li>\n<\/ul>\n<p>Browse <a href=\"https:\/\/pragueweddingplanner.com\/tr\/listing-category\/wedding-photographers\/\">Prague wedding photographers<\/a>, try the <a href=\"https:\/\/pragueweddingplanner.com\/tr\/plan-your-prague-wedding\/\">free 2-minute wedding planner<\/a>, or <a href=\"https:\/\/pragueweddingplanner.com\/tr\/contact-us\/\">tell us about your wedding<\/a>.<\/p>\n<\/div>\n<p><!-- pwp-ilgili-son --><\/p>","protected":false},"excerpt":{"rendered":"<p>Photogrphers are ready and busy for 2023 Prague wedding photography and as well as couple pre-wedding photoshoots. To see sample photos and also reservation you can visit prague wedding photographer. Related Reading Prague Pre-Wedding Ideas: A Guide to the Most Romantic City in Europe Urban Love Story: Pre-Wedding Photography Amidst Prague&#8217;s Architectural Marvels Looking for [&hellip;]<\/p>\n","protected":false},"author":1,"featured_media":3386,"comment_status":"open","ping_status":"open","sticky":false,"template":"","format":"standard","meta":{"footnotes":"","_yoast_wpseo_title":"","_yoast_wpseo_metadesc":"","_yoast_wpseo_focuskw":"","_yoast_wpseo_canonical":"","_yoast_wpseo_meta-robots-noindex":"","_yoast_wpseo_meta-robots-nofollow":"","rank_math_robots":["index"],"rank_math_title":"Prague Wedding Photography: Booking and Sample Work","rank_math_description":"What to expect from Prague wedding photography, when to book for peak season, and sample work from recent weddings and pre-wedding shoots.","rank_math_focus_keyword":"prague wedding photography","rank_math_canonical_url":""},"categories":[39,40],"tags":[],"class_list":["post-2210","post","type-post","status-publish","format-standard","has-post-thumbnail","hentry","category-photography","category-prague-engagement"],"_links":{"self":[{"href":"https:\/\/pragueweddingplanner.com\/tr\/wp-json\/wp\/v2\/posts\/2210","targetHints":{"allow":["GET"]}}],"collection":[{"href":"https:\/\/pragueweddingplanner.com\/tr\/wp-json\/wp\/v2\/posts"}],"about":[{"href":"https:\/\/pragueweddingplanner.com\/tr\/wp-json\/wp\/v2\/types\/post"}],"author":[{"embeddable":true,"href":"https:\/\/pragueweddingplanner.com\/tr\/wp-json\/wp\/v2\/users\/1"}],"replies":[{"embeddable":true,"href":"https:\/\/pragueweddingplanner.com\/tr\/wp-json\/wp\/v2\/comments?post=2210"}],"version-history":[{"count":8,"href":"https:\/\/pragueweddingplanner.com\/tr\/wp-json\/wp\/v2\/posts\/2210\/revisions"}],"predecessor-version":[{"id":3608,"href":"https:\/\/pragueweddingplanner.com\/tr\/wp-json\/wp\/v2\/posts\/2210\/revisions\/3608"}],"wp:featuredmedia":[{"embeddable":true,"href":"https:\/\/pragueweddingplanner.com\/tr\/wp-json\/wp\/v2\/media\/3386"}],"wp:attachment":[{"href":"https:\/\/pragueweddingplanner.com\/tr\/wp-json\/wp\/v2\/media?parent=2210"}],"wp:term":[{"taxonomy":"category","embeddable":true,"href":"https:\/\/pragueweddingplanner.com\/tr\/wp-json\/wp\/v2\/categories?post=2210"},{"taxonomy":"post_tag","embeddable":true,"href":"https:\/\/pragueweddingplanner.com\/tr\/wp-json\/wp\/v2\/tags?post=2210"}],"curies":[{"name":"wp","href":"https:\/\/api.w.org\/{rel}","templated":true}]}}