{"id":2111,"date":"2022-02-05T19:18:09","date_gmt":"2022-02-05T19:18:09","guid":{"rendered":"http:\/\/pragueweddingplanner.com\/?p=2111"},"modified":"2026-08-30T10:04:36","modified_gmt":"2026-08-30T08:04:36","slug":"prague-wedding-photoshoot-photos","status":"publish","type":"post","link":"https:\/\/pragueweddingplanner.com\/pl\/prague-wedding-photoshoot-photos\/","title":{"rendered":"Zdj\u0119cia z sesji \u015blubnej w Pradze"},"content":{"rendered":"<p>Ameryka\u0144ska i czeska para pobra\u0142a si\u0119 w Czechach niedaleko Pragi.<\/p>\n<p>\n\t\t<style type=\"text\/css\">\n\t\t\t#gallery-1 {\n\t\t\t\tmargin: auto;\n\t\t\t}\n\t\t\t#gallery-1 .gallery-item {\n\t\t\t\tfloat: left;\n\t\t\t\tmargin-top: 10px;\n\t\t\t\ttext-align: center;\n\t\t\t\twidth: 100%;\n\t\t\t}\n\t\t\t#gallery-1 img {\n\t\t\t\tborder: 2px solid #cfcfcf;\n\t\t\t}\n\t\t\t#gallery-1 .gallery-caption {\n\t\t\t\tmargin-left: 0;\n\t\t\t}\n\t\t\t\/* see gallery_shortcode() in wp-includes\/media.php *\/\n\t\t<\/style>\n\t\t<div id='gallery-1' class='gallery galleryid-2111 gallery-columns-1 gallery-size-full'><dl class='gallery-item'>\n\t\t\t<dt class='gallery-icon landscape'>\n\t\t\t\t<a href='https:\/\/pragueweddingplanner.com\/wp-content\/uploads\/2022\/02\/prague-wedding-photographer-pro5.jpg'><img fetchpriority=\"high\" decoding=\"async\" width=\"1600\" height=\"1236\" src=\"https:\/\/pragueweddingplanner.com\/wp-content\/uploads\/2022\/02\/prague-wedding-photographer-pro5.jpg\" class=\"attachment-full size-full\" alt=\"Fotograf \u015blubny w Pradze\" aria-describedby=\"gallery-1-2116\" srcset=\"https:\/\/pragueweddingplanner.com\/wp-content\/uploads\/2022\/02\/prague-wedding-photographer-pro5.jpg 1600w, https:\/\/pragueweddingplanner.com\/wp-content\/uploads\/2022\/02\/prague-wedding-photographer-pro5-300x232.jpg 300w, https:\/\/pragueweddingplanner.com\/wp-content\/uploads\/2022\/02\/prague-wedding-photographer-pro5-1024x791.jpg 1024w, https:\/\/pragueweddingplanner.com\/wp-content\/uploads\/2022\/02\/prague-wedding-photographer-pro5-768x593.jpg 768w, https:\/\/pragueweddingplanner.com\/wp-content\/uploads\/2022\/02\/prague-wedding-photographer-pro5-1536x1187.jpg 1536w, https:\/\/pragueweddingplanner.com\/wp-content\/uploads\/2022\/02\/prague-wedding-photographer-pro5-16x12.jpg 16w, https:\/\/pragueweddingplanner.com\/wp-content\/uploads\/2022\/02\/prague-wedding-photographer-pro5-190x146.jpg 190w, https:\/\/pragueweddingplanner.com\/wp-content\/uploads\/2022\/02\/prague-wedding-photographer-pro5-600x464.jpg 600w\" sizes=\"(max-width: 1600px) 100vw, 1600px\" title=\"\"><\/a>\n\t\t\t<\/dt>\n\t\t\t\t<dd class='wp-caption-text gallery-caption' id='gallery-1-2116'>\n\t\t\t\tFotograf \u015blubny w Pradze\n\t\t\t\t<\/dd><\/dl><br style=\"clear: both\" \/><dl class='gallery-item'>\n\t\t\t<dt class='gallery-icon landscape'>\n\t\t\t\t<a href='https:\/\/pragueweddingplanner.com\/wp-content\/uploads\/2022\/02\/prague-wedding-photographer-pro4.jpg'><img decoding=\"async\" width=\"1600\" height=\"1236\" src=\"https:\/\/pragueweddingplanner.com\/wp-content\/uploads\/2022\/02\/prague-wedding-photographer-pro4.jpg\" class=\"attachment-full size-full\" alt=\"Prague wedding photographer \u2014 photo 2\" aria-describedby=\"gallery-1-2115\" srcset=\"https:\/\/pragueweddingplanner.com\/wp-content\/uploads\/2022\/02\/prague-wedding-photographer-pro4.jpg 1600w, https:\/\/pragueweddingplanner.com\/wp-content\/uploads\/2022\/02\/prague-wedding-photographer-pro4-300x232.jpg 300w, https:\/\/pragueweddingplanner.com\/wp-content\/uploads\/2022\/02\/prague-wedding-photographer-pro4-1024x791.jpg 1024w, https:\/\/pragueweddingplanner.com\/wp-content\/uploads\/2022\/02\/prague-wedding-photographer-pro4-768x593.jpg 768w, https:\/\/pragueweddingplanner.com\/wp-content\/uploads\/2022\/02\/prague-wedding-photographer-pro4-1536x1187.jpg 1536w, https:\/\/pragueweddingplanner.com\/wp-content\/uploads\/2022\/02\/prague-wedding-photographer-pro4-16x12.jpg 16w, https:\/\/pragueweddingplanner.com\/wp-content\/uploads\/2022\/02\/prague-wedding-photographer-pro4-190x146.jpg 190w, https:\/\/pragueweddingplanner.com\/wp-content\/uploads\/2022\/02\/prague-wedding-photographer-pro4-600x464.jpg 600w\" sizes=\"(max-width: 1600px) 100vw, 1600px\" title=\"\"><\/a>\n\t\t\t<\/dt>\n\t\t\t\t<dd class='wp-caption-text gallery-caption' id='gallery-1-2115'>\n\t\t\t\tFotograf \u015blubny w Pradze\n\t\t\t\t<\/dd><\/dl><br style=\"clear: both\" \/><dl class='gallery-item'>\n\t\t\t<dt class='gallery-icon landscape'>\n\t\t\t\t<a href='https:\/\/pragueweddingplanner.com\/wp-content\/uploads\/2022\/02\/prague-wedding-photographer-pro3.jpg'><img decoding=\"async\" width=\"1600\" height=\"1236\" src=\"https:\/\/pragueweddingplanner.com\/wp-content\/uploads\/2022\/02\/prague-wedding-photographer-pro3.jpg\" class=\"attachment-full size-full\" alt=\"Prague wedding photographer \u2014 photo 3\" aria-describedby=\"gallery-1-2114\" srcset=\"https:\/\/pragueweddingplanner.com\/wp-content\/uploads\/2022\/02\/prague-wedding-photographer-pro3.jpg 1600w, https:\/\/pragueweddingplanner.com\/wp-content\/uploads\/2022\/02\/prague-wedding-photographer-pro3-300x232.jpg 300w, https:\/\/pragueweddingplanner.com\/wp-content\/uploads\/2022\/02\/prague-wedding-photographer-pro3-1024x791.jpg 1024w, https:\/\/pragueweddingplanner.com\/wp-content\/uploads\/2022\/02\/prague-wedding-photographer-pro3-768x593.jpg 768w, https:\/\/pragueweddingplanner.com\/wp-content\/uploads\/2022\/02\/prague-wedding-photographer-pro3-1536x1187.jpg 1536w, https:\/\/pragueweddingplanner.com\/wp-content\/uploads\/2022\/02\/prague-wedding-photographer-pro3-16x12.jpg 16w, https:\/\/pragueweddingplanner.com\/wp-content\/uploads\/2022\/02\/prague-wedding-photographer-pro3-190x146.jpg 190w, https:\/\/pragueweddingplanner.com\/wp-content\/uploads\/2022\/02\/prague-wedding-photographer-pro3-600x464.jpg 600w\" sizes=\"(max-width: 1600px) 100vw, 1600px\" title=\"\"><\/a>\n\t\t\t<\/dt>\n\t\t\t\t<dd class='wp-caption-text gallery-caption' id='gallery-1-2114'>\n\t\t\t\tFotograf \u015blubny w Pradze\n\t\t\t\t<\/dd><\/dl><br style=\"clear: both\" \/><dl class='gallery-item'>\n\t\t\t<dt class='gallery-icon landscape'>\n\t\t\t\t<a href='https:\/\/pragueweddingplanner.com\/wp-content\/uploads\/2022\/02\/prague-wedding-photographer-pro2.jpg'><img loading=\"lazy\" decoding=\"async\" width=\"1600\" height=\"1236\" src=\"https:\/\/pragueweddingplanner.com\/wp-content\/uploads\/2022\/02\/prague-wedding-photographer-pro2.jpg\" class=\"attachment-full size-full\" alt=\"Prague wedding photographer \u2014 photo 4\" aria-describedby=\"gallery-1-2113\" srcset=\"https:\/\/pragueweddingplanner.com\/wp-content\/uploads\/2022\/02\/prague-wedding-photographer-pro2.jpg 1600w, https:\/\/pragueweddingplanner.com\/wp-content\/uploads\/2022\/02\/prague-wedding-photographer-pro2-300x232.jpg 300w, https:\/\/pragueweddingplanner.com\/wp-content\/uploads\/2022\/02\/prague-wedding-photographer-pro2-1024x791.jpg 1024w, https:\/\/pragueweddingplanner.com\/wp-content\/uploads\/2022\/02\/prague-wedding-photographer-pro2-768x593.jpg 768w, https:\/\/pragueweddingplanner.com\/wp-content\/uploads\/2022\/02\/prague-wedding-photographer-pro2-1536x1187.jpg 1536w, https:\/\/pragueweddingplanner.com\/wp-content\/uploads\/2022\/02\/prague-wedding-photographer-pro2-16x12.jpg 16w, https:\/\/pragueweddingplanner.com\/wp-content\/uploads\/2022\/02\/prague-wedding-photographer-pro2-190x146.jpg 190w, https:\/\/pragueweddingplanner.com\/wp-content\/uploads\/2022\/02\/prague-wedding-photographer-pro2-600x464.jpg 600w\" sizes=\"(max-width: 1600px) 100vw, 1600px\" title=\"\"><\/a>\n\t\t\t<\/dt>\n\t\t\t\t<dd class='wp-caption-text gallery-caption' id='gallery-1-2113'>\n\t\t\t\tFotograf \u015blubny w Pradze\n\t\t\t\t<\/dd><\/dl><br style=\"clear: both\" \/><dl class='gallery-item'>\n\t\t\t<dt class='gallery-icon landscape'>\n\t\t\t\t<a href='https:\/\/pragueweddingplanner.com\/wp-content\/uploads\/2022\/02\/prague-wedding-photographer-pro1.jpg'><img loading=\"lazy\" decoding=\"async\" width=\"1600\" height=\"1236\" src=\"https:\/\/pragueweddingplanner.com\/wp-content\/uploads\/2022\/02\/prague-wedding-photographer-pro1.jpg\" class=\"attachment-full size-full\" alt=\"Prague wedding photographer \u2014 photo 5\" aria-describedby=\"gallery-1-2112\" srcset=\"https:\/\/pragueweddingplanner.com\/wp-content\/uploads\/2022\/02\/prague-wedding-photographer-pro1.jpg 1600w, https:\/\/pragueweddingplanner.com\/wp-content\/uploads\/2022\/02\/prague-wedding-photographer-pro1-300x232.jpg 300w, https:\/\/pragueweddingplanner.com\/wp-content\/uploads\/2022\/02\/prague-wedding-photographer-pro1-1024x791.jpg 1024w, https:\/\/pragueweddingplanner.com\/wp-content\/uploads\/2022\/02\/prague-wedding-photographer-pro1-768x593.jpg 768w, https:\/\/pragueweddingplanner.com\/wp-content\/uploads\/2022\/02\/prague-wedding-photographer-pro1-1536x1187.jpg 1536w, https:\/\/pragueweddingplanner.com\/wp-content\/uploads\/2022\/02\/prague-wedding-photographer-pro1-16x12.jpg 16w, https:\/\/pragueweddingplanner.com\/wp-content\/uploads\/2022\/02\/prague-wedding-photographer-pro1-190x146.jpg 190w, https:\/\/pragueweddingplanner.com\/wp-content\/uploads\/2022\/02\/prague-wedding-photographer-pro1-600x464.jpg 600w\" sizes=\"(max-width: 1600px) 100vw, 1600px\" title=\"\"><\/a>\n\t\t\t<\/dt>\n\t\t\t\t<dd class='wp-caption-text gallery-caption' id='gallery-1-2112'>\n\t\t\t\tFotograf \u015blubny w Pradze\n\t\t\t\t<\/dd><\/dl><br style=\"clear: both\" \/>\n\t\t<\/div>\n<br \/>\n<!-- pwp-ilgili-baslangic --><\/p>\n<div class=\"pwp-related\">\n<h2>Related Reading<\/h2>\n<ul>\n<li><a href=\"https:\/\/pragueweddingplanner.com\/pl\/prague-engagement-photoshoot\/\">Sesja zdj\u0119ciowa narzecze\u0144ska w Pradze<\/a><\/li>\n<li><a href=\"https:\/\/pragueweddingplanner.com\/pl\/prague-surprise-proposal\/\">Propozycja niespodzianki z Pragi<\/a><\/li>\n<li><a href=\"https:\/\/pragueweddingplanner.com\/pl\/2023-prague-wedding-photography\/\">Fotografia \u015blubna w Pradze 2023<\/a><\/li>\n<li><a href=\"https:\/\/pragueweddingplanner.com\/pl\/old-town-glamour-pragues-most-photogenic-ballrooms\/\">Old Town Glamour: Prague\u2019s Most Photogenic Ballrooms<\/a><\/li>\n<\/ul>\n<h3>From Our Prague Directory<\/h3>\n<ul>\n<li><a href=\"https:\/\/pragueweddingplanner.com\/pl\/listing\/kemal-onur-ozman-portrait-wedding\/\">Kemal Onur Ozman \u2013 Portret i \u015blub<\/a><\/li>\n<li><a href=\"https:\/\/pragueweddingplanner.com\/pl\/listing\/prague-old-car-rentals-old-town\/\">Wypo\u017cyczalnie samochod\u00f3w w Pradze (Stare Miasto)<\/a><\/li>\n<\/ul>\n<p>Browse <a href=\"https:\/\/pragueweddingplanner.com\/pl\/listing-category\/wedding-photographers\/\">Prague wedding photographers<\/a>, try the <a href=\"https:\/\/pragueweddingplanner.com\/pl\/plan-your-prague-wedding\/\">free 2-minute wedding planner<\/a>, or <a href=\"https:\/\/pragueweddingplanner.com\/pl\/contact-us\/\">tell us about your wedding<\/a>.<\/p>\n<\/div>\n<p><!-- pwp-ilgili-son --><\/p>","protected":false},"excerpt":{"rendered":"<p>American &amp; Czech couple got married in Czech Republic near by Prague. Related Reading Prague Engagement Photoshoot Prague Surprise Proposal 2023 Prague Wedding Photography Old Town Glamour: Prague\u2019s Most Photogenic Ballrooms From Our Prague Directory Kemal Onur Ozman &#8211; Portrait &#038; Wedding Prague Old Car Rentals (Old Town) Browse Prague wedding photographers, try the free [&hellip;]<\/p>\n","protected":false},"author":1,"featured_media":2116,"comment_status":"open","ping_status":"open","sticky":false,"template":"","format":"standard","meta":{"footnotes":"","_yoast_wpseo_title":"","_yoast_wpseo_metadesc":"","_yoast_wpseo_focuskw":"","_yoast_wpseo_canonical":"","_yoast_wpseo_meta-robots-noindex":"","_yoast_wpseo_meta-robots-nofollow":"","rank_math_robots":["index"],"rank_math_title":"Prague Wedding Photoshoot: Real Couple Gallery","rank_math_description":"A gallery from an American-Czech wedding photographed just outside Prague. Real light, real locations, and what a Prague wedding day actually looks like.","rank_math_focus_keyword":"prague wedding photoshoot","rank_math_canonical_url":""},"categories":[39],"tags":[],"class_list":["post-2111","post","type-post","status-publish","format-standard","has-post-thumbnail","hentry","category-photography"],"_links":{"self":[{"href":"https:\/\/pragueweddingplanner.com\/pl\/wp-json\/wp\/v2\/posts\/2111","targetHints":{"allow":["GET"]}}],"collection":[{"href":"https:\/\/pragueweddingplanner.com\/pl\/wp-json\/wp\/v2\/posts"}],"about":[{"href":"https:\/\/pragueweddingplanner.com\/pl\/wp-json\/wp\/v2\/types\/post"}],"author":[{"embeddable":true,"href":"https:\/\/pragueweddingplanner.com\/pl\/wp-json\/wp\/v2\/users\/1"}],"replies":[{"embeddable":true,"href":"https:\/\/pragueweddingplanner.com\/pl\/wp-json\/wp\/v2\/comments?post=2111"}],"version-history":[{"count":6,"href":"https:\/\/pragueweddingplanner.com\/pl\/wp-json\/wp\/v2\/posts\/2111\/revisions"}],"predecessor-version":[{"id":3611,"href":"https:\/\/pragueweddingplanner.com\/pl\/wp-json\/wp\/v2\/posts\/2111\/revisions\/3611"}],"wp:featuredmedia":[{"embeddable":true,"href":"https:\/\/pragueweddingplanner.com\/pl\/wp-json\/wp\/v2\/media\/2116"}],"wp:attachment":[{"href":"https:\/\/pragueweddingplanner.com\/pl\/wp-json\/wp\/v2\/media?parent=2111"}],"wp:term":[{"taxonomy":"category","embeddable":true,"href":"https:\/\/pragueweddingplanner.com\/pl\/wp-json\/wp\/v2\/categories?post=2111"},{"taxonomy":"post_tag","embeddable":true,"href":"https:\/\/pragueweddingplanner.com\/pl\/wp-json\/wp\/v2\/tags?post=2111"}],"curies":[{"name":"wp","href":"https:\/\/api.w.org\/{rel}","templated":true}]}}